{"id":13668,"date":"2026-02-22T16:10:21","date_gmt":"2026-02-22T15:10:21","guid":{"rendered":"https:\/\/the-loge.com\/news\/sky-golf-cup-2026-a-zell-am-see\/"},"modified":"2026-04-22T16:12:09","modified_gmt":"2026-04-22T14:12:09","slug":"sky-golf-cup-2026-a-zell-am-see","status":"publish","type":"post","link":"https:\/\/the-loge.com\/it\/news\/sky-golf-cup-2026-a-zell-am-see\/","title":{"rendered":"Sky Golf Cup 2026 a Zell am See"},"content":{"rendered":"<h1 data-section-id=\"1b07m59\" data-start=\"965\" data-end=\"1044\">Invito esclusivo per i membri di THE LOGE<\/h1>\n<p data-start=\"1046\" data-end=\"1870\"><strong data-start=\"1046\" data-end=\"1124\">Questo invito speciale nasce su raccomandazione di Sascha Zelenka<\/strong> \u2014 ed \u00e8 proprio questo che rende lo <strong data-start=\"1151\" data-end=\"1187\">Sky Golf Cup 2026 a Zell am See<\/strong> cos\u00ec speciale anche per i nostri membri. Come <strong data-start=\"1233\" data-end=\"1271\">membro di lunga data di THE LOGE<\/strong>, Sascha non \u00e8 solo una parte apprezzata del nostro network, ma si impegna sempre a offrire ai nostri membri l&#8217;accesso a eventi straordinari e occasioni speciali. Siamo quindi particolarmente felici che abbia reso possibile questa partecipazione e lo ringraziamo di cuore per la sua raccomandazione e il suo supporto continuo. Il <strong data-start=\"1630\" data-end=\"1647\">20 giugno 2026<\/strong>, il <strong data-start=\"1657\" data-end=\"1696\">Leading Golfclub Zell am See-Kaprun<\/strong> diventer\u00e0 il palcoscenico di un torneo che unisce golf, community e attenzione mediatica in modo speciale \u2014 con <strong data-start=\"1807\" data-end=\"1830\">presenza SKY sul posto<\/strong> e la <strong data-start=\"1839\" data-end=\"1852\">Golf Week<\/strong> come organizzatore.   <\/p>\n<h2 data-section-id=\"1jsdfh4\" data-start=\"1872\" data-end=\"1907\">Un torneo con un palcoscenico speciale<\/h2>\n<p data-start=\"1909\" data-end=\"2240\">Lo <strong data-start=\"1913\" data-end=\"1944\">Sky Golf Cup a Zell am See<\/strong> \u00e8 molto pi\u00f9 di un classico torneo di golf. Unisce qualit\u00e0 sportiva a un&#8217;atmosfera che raramente si vive in questa forma. Chi gioca qui partecipa a un evento che convince non solo sul campo, ma anche per la sua particolare visibilit\u00e0 e il suo fascino.  <\/p>\n<p data-start=\"2242\" data-end=\"2598\">Un aspetto centrale \u00e8 la vicinanza al mondo di <strong data-start=\"2295\" data-end=\"2302\">SKY<\/strong>. La <strong data-start=\"2308\" data-end=\"2329\">redazione golf di Sky<\/strong> \u00e8 presente sul posto e conferisce all&#8217;evento quella presenza speciale che rende lo Sky Golf Cup cos\u00ec attraente. Questo crea un&#8217;autentica atmosfera televisiva, una dinamica speciale durante la giornata del torneo e la sensazione di far parte di un formato che va ben oltre una normale partita di golf.  <\/p>\n<h2 data-section-id=\"1o69fd5\" data-start=\"2600\" data-end=\"2649\">Attenzione aggiuntiva grazie alla Golf Week<\/h2>\n<p data-start=\"2651\" data-end=\"3009\">Il torneo \u00e8 organizzato dalla <strong data-start=\"2689\" data-end=\"2702\">Golf Week<\/strong>, che non solo accompagna questo evento dal punto di vista organizzativo, ma lo sostiene anche fortemente a livello mediatico. \u00c8 proprio questo che rende lo Sky Golf Cup a Zell am See particolarmente interessante: oltre alla vicinanza a <strong data-start=\"2878\" data-end=\"2885\">SKY<\/strong>, anche la <strong data-start=\"2900\" data-end=\"2913\">Golf Week<\/strong> racconter\u00e0 l&#8217;evento e accompagner\u00e0 la giornata nei suoi media con tante impressioni e foto. <\/p>\n<p data-start=\"3011\" data-end=\"3286\">Per i partecipanti questo significa: questo torneo non si svolge in piccolo, ma su un palcoscenico che crea attenzione. \u00c8 proprio questa combinazione di golf, community, presenza mediatica e ambiente di alta qualit\u00e0 a rendere questo evento cos\u00ec attraente. <\/p>\n<h2 data-section-id=\"pxyym2\" data-start=\"3288\" data-end=\"3339\">Golf in una delle cornici pi\u00f9 belle dell&#8217;Austria<\/h2>\n<p data-start=\"3341\" data-end=\"3616\">La sede \u00e8 il <strong data-start=\"3364\" data-end=\"3403\">Leading Golfclub Zell am See-Kaprun<\/strong>, immerso in un impressionante paesaggio alpino ai piedi del <strong data-start=\"3470\" data-end=\"3488\">Kitzsteinhorn<\/strong>. La cornice conferisce al torneo una qualit\u00e0 aggiuntiva e rende la partecipazione di per s\u00e9 un&#8217;esperienza speciale. <\/p>\n<p data-start=\"3618\" data-end=\"4021\">Qui l&#8217;ambizione sportiva incontra un&#8217;eleganza rilassata. Questo si adatta perfettamente a un formato come lo Sky Golf Cup, dove non conta solo il gioco, ma anche l&#8217;intero contesto. Per i membri di THE LOGE, questo torneo rappresenta quindi una meravigliosa opportunit\u00e0 di vivere il golf in un contesto straordinario ed essere allo stesso tempo parte di un evento con una particolare presenza mediatica.  <\/p>\n<h2 data-section-id=\"zuqpxz\" data-start=\"4023\" data-end=\"4081\">Un&#8217;esperienza con atmosfera, visibilit\u00e0 e community<\/h2>\n<p data-start=\"4083\" data-end=\"4376\">Ci\u00f2 che rende speciale lo <strong data-start=\"4091\" data-end=\"4119\">Sky Golf Cup Zell am See<\/strong> \u00e8 la combinazione di torneo, incontro ed esperienza. La presenza di <strong data-start=\"4209\" data-end=\"4216\">SKY<\/strong>, l&#8217;accompagnamento mediatico della <strong data-start=\"4251\" data-end=\"4264\">Golf Week<\/strong> e il formato complessivo di alta qualit\u00e0 creano un&#8217;atmosfera che va ben oltre la competizione sportiva. <\/p>\n<p data-start=\"4378\" data-end=\"4738\">Soprattutto per chi non solo gioca a golf, ma apprezza anche il lato speciale di questo sport, questo evento \u00e8 un&#8217;opportunit\u00e0 eccellente. \u00c8 il tipo di torneo in cui non si vive solo una bella giornata di golf, ma si diventa parte di una storia pi\u00f9 grande \u2014 con molta attenzione, immagini forti e una cornice che resta impressa. <\/p>\n<h2 data-section-id=\"149bw6\" data-start=\"4740\" data-end=\"4766\">Grazie a Sascha Zelenka<\/h2>\n<p data-start=\"4768\" data-end=\"5132\">Poter condividere questa opportunit\u00e0 con i nostri membri \u00e8 tutt&#8217;altro che scontato. Per questo vogliamo ringraziare <strong data-start=\"4905\" data-end=\"4923\">Sascha Zelenka<\/strong>. Come membro di lunga data di <strong data-start=\"4964\" data-end=\"4976\">THE LOGE<\/strong>, si impegna sempre con grande dedizione per offrire anche ad altri membri accessi speciali ed esperienze evento straordinarie.  <\/p>\n<p data-start=\"5134\" data-end=\"5350\">Questa raccomandazione \u00e8 un bell&#8217;esempio di ci\u00f2 che caratterizza THE LOGE: un network forte, stima reciproca e persone che non vedono le opportunit\u00e0 solo per s\u00e9 stesse, ma le condividono anche con gli altri.<\/p>\n<h2 data-section-id=\"1knwws4\" data-start=\"5352\" data-end=\"5369\">Iscriviti ora<\/h2>\n<p data-start=\"5371\" data-end=\"5590\">Chi vuole vivere lo <strong data-start=\"5379\" data-end=\"5415\">Sky Golf Cup 2026 a Zell am See<\/strong> dovrebbe iscriversi per tempo. Questo torneo unisce golf, cornice alpina, community speciale e attenzione mediatica in un modo che \u00e8 raro. <\/p>\n<p data-start=\"5592\" data-end=\"5825\">Per i <strong data-start=\"5596\" data-end=\"5619\">membri di THE LOGE<\/strong>, questo invito \u00e8 un&#8217;opportunit\u00e0 particolarmente bella \u2014 resa possibile dalla raccomandazione di <strong data-start=\"5712\" data-end=\"5730\">Sascha Zelenka<\/strong>, accompagnata dalla <strong data-start=\"5746\" data-end=\"5761\">presenza SKY<\/strong> sul posto e organizzata dalla <strong data-start=\"5794\" data-end=\"5807\">Golf Week<\/strong> come organizzatore.<\/p>\n<p data-start=\"5827\" data-end=\"5909\"><strong data-start=\"5827\" data-end=\"5909\">Siamo molto felici di questa opportunit\u00e0 speciale e diciamo grazie di cuore.<\/strong><\/p>\n<p><a href=\"https:\/\/www.golfweek.at\/20-06-26-sky-golf-cup-2026-zell-am-see-kaprun\/\">\u2013&gt; Qui il link per l&#8217;iscrizione  <\/a><\/p>\n<p data-start=\"5827\" data-end=\"5909\">Liebe Gr\u00fc\u00dfe<\/p>\n<p data-start=\"5827\" data-end=\"5909\"><strong>TOM &amp; GERRY<\/strong><\/p>\n<p><a href=\"https:\/\/the-loge.com\/wp-content\/uploads\/2026\/04\/Anmeldeformular_Zell_am_See_Sky-Golf-Cup-2026-1.pdf\">Modulo_iscrizione_Zell_am_See_Sky-Golf-Cup-2026<\/a><\/p>\n","protected":false},"excerpt":{"rendered":"<p>Invito esclusivo per i membri di THE LOGE Questo invito speciale nasce su raccomandazione di Sascha Zelenka \u2014 ed \u00e8 [&hellip;]<\/p>\n","protected":false},"author":7,"featured_media":13620,"comment_status":"open","ping_status":"open","sticky":false,"template":"","format":"standard","meta":{"_acf_changed":false,"inline_featured_image":false,"site-sidebar-layout":"default","site-content-layout":"","ast-site-content-layout":"default","site-content-style":"default","site-sidebar-style":"default","ast-global-header-display":"","ast-banner-title-visibility":"","ast-main-header-display":"","ast-hfb-above-header-display":"","ast-hfb-below-header-display":"","ast-hfb-mobile-header-display":"","site-post-title":"","ast-breadcrumbs-content":"","ast-featured-img":"","footer-sml-layout":"","ast-disable-related-posts":"","theme-transparent-header-meta":"default","adv-header-id-meta":"","stick-header-meta":"","header-above-stick-meta":"","header-main-stick-meta":"","header-below-stick-meta":"","astra-migrate-meta-layouts":"default","ast-page-background-enabled":"default","ast-page-background-meta":{"desktop":{"background-color":"var(--ast-global-color-4)","background-image":"","background-repeat":"repeat","background-position":"center center","background-size":"auto","background-attachment":"scroll","background-type":"","background-media":"","overlay-type":"","overlay-color":"","overlay-opacity":"","overlay-gradient":""},"tablet":{"background-color":"","background-image":"","background-repeat":"repeat","background-position":"center center","background-size":"auto","background-attachment":"scroll","background-type":"","background-media":"","overlay-type":"","overlay-color":"","overlay-opacity":"","overlay-gradient":""},"mobile":{"background-color":"","background-image":"","background-repeat":"repeat","background-position":"center center","background-size":"auto","background-attachment":"scroll","background-type":"","background-media":"","overlay-type":"","overlay-color":"","overlay-opacity":"","overlay-gradient":""}},"ast-content-background-meta":{"desktop":{"background-color":"var(--ast-global-color-5)","background-image":"","background-repeat":"repeat","background-position":"center center","background-size":"auto","background-attachment":"scroll","background-type":"","background-media":"","overlay-type":"","overlay-color":"","overlay-opacity":"","overlay-gradient":""},"tablet":{"background-color":"var(--ast-global-color-5)","background-image":"","background-repeat":"repeat","background-position":"center center","background-size":"auto","background-attachment":"scroll","background-type":"","background-media":"","overlay-type":"","overlay-color":"","overlay-opacity":"","overlay-gradient":""},"mobile":{"background-color":"var(--ast-global-color-5)","background-image":"","background-repeat":"repeat","background-position":"center center","background-size":"auto","background-attachment":"scroll","background-type":"","background-media":"","overlay-type":"","overlay-color":"","overlay-opacity":"","overlay-gradient":""}},"footnotes":""},"categories":[183],"tags":[216,213,199,215,212,211,214],"class_list":["post-13668","post","type-post","status-publish","format-standard","has-post-thumbnail","hentry","category-tornei-di-golf","tag-evento-golf-austria","tag-golf-week","tag-membri-the-loge","tag-sky-golf","tag-sky-golf-cup-2026","tag-sky-golf-cup-zell-am-see","tag-torneo-di-golf-zell-am-see"],"acf":[],"yoast_head":"<!-- This site is optimized with the Yoast SEO plugin v27.5 - https:\/\/yoast.com\/product\/yoast-seo-wordpress\/ -->\n<title>Sky Golf Cup 2026 a Zell am See<\/title>\n<meta name=\"description\" content=\"I membri di THE LOGE hanno accesso allo Sky Golf Cup 2026 a Zell am See \u2013 con presenza SKY, Golf Week e un&#039;atmosfera evento speciale.\" \/>\n<meta name=\"robots\" content=\"index, follow, max-snippet:-1, max-image-preview:large, max-video-preview:-1\" \/>\n<link rel=\"canonical\" href=\"https:\/\/the-loge.com\/it\/?p=13668\" \/>\n<meta property=\"og:locale\" content=\"it_IT\" \/>\n<meta property=\"og:type\" content=\"article\" \/>\n<meta property=\"og:title\" content=\"Sky Golf Cup 2026 a Zell am See\" \/>\n<meta property=\"og:description\" content=\"I membri di THE LOGE hanno accesso allo Sky Golf Cup 2026 a Zell am See \u2013 con presenza SKY, Golf Week e un&#039;atmosfera evento speciale.\" \/>\n<meta property=\"og:url\" content=\"https:\/\/the-loge.com\/it\/?p=13668\" \/>\n<meta property=\"og:site_name\" content=\"The Loge\" \/>\n<meta property=\"article:published_time\" content=\"2026-02-22T15:10:21+00:00\" \/>\n<meta property=\"article:modified_time\" content=\"2026-04-22T14:12:09+00:00\" \/>\n<meta property=\"og:image\" content=\"https:\/\/the-loge.com\/wp-content\/uploads\/2026\/04\/sky-golf-cup-zellamsee-.webp\" \/>\n\t<meta property=\"og:image:width\" content=\"2160\" \/>\n\t<meta property=\"og:image:height\" content=\"1080\" \/>\n\t<meta property=\"og:image:type\" content=\"image\/webp\" \/>\n<meta name=\"author\" content=\"Gerald Enderle\" \/>\n<meta name=\"twitter:card\" content=\"summary_large_image\" \/>\n<meta name=\"twitter:label1\" content=\"Written by\" \/>\n\t<meta name=\"twitter:data1\" content=\"Gerald Enderle\" \/>\n\t<meta name=\"twitter:label2\" content=\"Est. reading time\" \/>\n\t<meta name=\"twitter:data2\" content=\"4 minutes\" \/>\n<script type=\"application\/ld+json\" class=\"yoast-schema-graph\">{\"@context\":\"https:\\\/\\\/schema.org\",\"@graph\":[{\"@type\":\"Article\",\"@id\":\"https:\\\/\\\/the-loge.com\\\/it\\\/?p=13668#article\",\"isPartOf\":{\"@id\":\"https:\\\/\\\/the-loge.com\\\/it\\\/?p=13668\"},\"author\":{\"name\":\"Gerald Enderle\",\"@id\":\"https:\\\/\\\/the-loge.com\\\/#\\\/schema\\\/person\\\/63dc0eab20f10e230a1febb39cab169a\"},\"headline\":\"Sky Golf Cup 2026 a Zell am See\",\"datePublished\":\"2026-02-22T15:10:21+00:00\",\"dateModified\":\"2026-04-22T14:12:09+00:00\",\"mainEntityOfPage\":{\"@id\":\"https:\\\/\\\/the-loge.com\\\/it\\\/?p=13668\"},\"wordCount\":766,\"commentCount\":0,\"publisher\":{\"@id\":\"https:\\\/\\\/the-loge.com\\\/#organization\"},\"image\":{\"@id\":\"https:\\\/\\\/the-loge.com\\\/it\\\/?p=13668#primaryimage\"},\"thumbnailUrl\":\"https:\\\/\\\/the-loge.com\\\/wp-content\\\/uploads\\\/2026\\\/04\\\/sky-golf-cup-zellamsee-.webp\",\"keywords\":[\"Evento Golf Austria\",\"Golf Week\",\"Membri THE LOGE\",\"SKY Golf\",\"Sky Golf Cup 2026\",\"Sky Golf Cup Zell am See\",\"Torneo di Golf Zell am See\"],\"articleSection\":[\"Tornei di golf\"],\"inLanguage\":\"it-IT\",\"potentialAction\":[{\"@type\":\"CommentAction\",\"name\":\"Comment\",\"target\":[\"https:\\\/\\\/the-loge.com\\\/it\\\/?p=13668#respond\"]}]},{\"@type\":\"WebPage\",\"@id\":\"https:\\\/\\\/the-loge.com\\\/it\\\/?p=13668\",\"url\":\"https:\\\/\\\/the-loge.com\\\/it\\\/?p=13668\",\"name\":\"Sky Golf Cup 2026 a Zell am See\",\"isPartOf\":{\"@id\":\"https:\\\/\\\/the-loge.com\\\/#website\"},\"primaryImageOfPage\":{\"@id\":\"https:\\\/\\\/the-loge.com\\\/it\\\/?p=13668#primaryimage\"},\"image\":{\"@id\":\"https:\\\/\\\/the-loge.com\\\/it\\\/?p=13668#primaryimage\"},\"thumbnailUrl\":\"https:\\\/\\\/the-loge.com\\\/wp-content\\\/uploads\\\/2026\\\/04\\\/sky-golf-cup-zellamsee-.webp\",\"datePublished\":\"2026-02-22T15:10:21+00:00\",\"dateModified\":\"2026-04-22T14:12:09+00:00\",\"description\":\"I membri di THE LOGE hanno accesso allo Sky Golf Cup 2026 a Zell am See \u2013 con presenza SKY, Golf Week e un'atmosfera evento speciale.\",\"breadcrumb\":{\"@id\":\"https:\\\/\\\/the-loge.com\\\/it\\\/?p=13668#breadcrumb\"},\"inLanguage\":\"it-IT\",\"potentialAction\":[{\"@type\":\"ReadAction\",\"target\":[\"https:\\\/\\\/the-loge.com\\\/it\\\/?p=13668\"]}]},{\"@type\":\"ImageObject\",\"inLanguage\":\"it-IT\",\"@id\":\"https:\\\/\\\/the-loge.com\\\/it\\\/?p=13668#primaryimage\",\"url\":\"https:\\\/\\\/the-loge.com\\\/wp-content\\\/uploads\\\/2026\\\/04\\\/sky-golf-cup-zellamsee-.webp\",\"contentUrl\":\"https:\\\/\\\/the-loge.com\\\/wp-content\\\/uploads\\\/2026\\\/04\\\/sky-golf-cup-zellamsee-.webp\",\"width\":2160,\"height\":1080,\"caption\":\"THE LOGE Einladung zum Sky Golf Cup in Zell am See\"},{\"@type\":\"BreadcrumbList\",\"@id\":\"https:\\\/\\\/the-loge.com\\\/it\\\/?p=13668#breadcrumb\",\"itemListElement\":[{\"@type\":\"ListItem\",\"position\":1,\"name\":\"Home\",\"item\":\"https:\\\/\\\/the-loge.com\\\/\"},{\"@type\":\"ListItem\",\"position\":2,\"name\":\"Sky Golf Cup 2026 a Zell am See\"}]},{\"@type\":\"WebSite\",\"@id\":\"https:\\\/\\\/the-loge.com\\\/#website\",\"url\":\"https:\\\/\\\/the-loge.com\\\/\",\"name\":\"The Loge\",\"description\":\"exclusive business &amp; lifestyle network\",\"publisher\":{\"@id\":\"https:\\\/\\\/the-loge.com\\\/#organization\"},\"potentialAction\":[{\"@type\":\"SearchAction\",\"target\":{\"@type\":\"EntryPoint\",\"urlTemplate\":\"https:\\\/\\\/the-loge.com\\\/?s={search_term_string}\"},\"query-input\":{\"@type\":\"PropertyValueSpecification\",\"valueRequired\":true,\"valueName\":\"search_term_string\"}}],\"inLanguage\":\"it-IT\"},{\"@type\":\"Organization\",\"@id\":\"https:\\\/\\\/the-loge.com\\\/#organization\",\"name\":\"The Loge\",\"url\":\"https:\\\/\\\/the-loge.com\\\/\",\"logo\":{\"@type\":\"ImageObject\",\"inLanguage\":\"it-IT\",\"@id\":\"https:\\\/\\\/the-loge.com\\\/#\\\/schema\\\/logo\\\/image\\\/\",\"url\":\"https:\\\/\\\/the-loge.com\\\/wp-content\\\/uploads\\\/2025\\\/08\\\/nav_logo.svg\",\"contentUrl\":\"https:\\\/\\\/the-loge.com\\\/wp-content\\\/uploads\\\/2025\\\/08\\\/nav_logo.svg\",\"width\":110,\"height\":22,\"caption\":\"The Loge\"},\"image\":{\"@id\":\"https:\\\/\\\/the-loge.com\\\/#\\\/schema\\\/logo\\\/image\\\/\"}},{\"@type\":\"Person\",\"@id\":\"https:\\\/\\\/the-loge.com\\\/#\\\/schema\\\/person\\\/63dc0eab20f10e230a1febb39cab169a\",\"name\":\"Gerald Enderle\",\"image\":{\"@type\":\"ImageObject\",\"inLanguage\":\"it-IT\",\"@id\":\"https:\\\/\\\/secure.gravatar.com\\\/avatar\\\/eee2753aa17012a5b36964169eca92a52b065cb7268a30399033fe36458e7ee9?s=96&d=mm&r=g\",\"url\":\"https:\\\/\\\/secure.gravatar.com\\\/avatar\\\/eee2753aa17012a5b36964169eca92a52b065cb7268a30399033fe36458e7ee9?s=96&d=mm&r=g\",\"contentUrl\":\"https:\\\/\\\/secure.gravatar.com\\\/avatar\\\/eee2753aa17012a5b36964169eca92a52b065cb7268a30399033fe36458e7ee9?s=96&d=mm&r=g\",\"caption\":\"Gerald Enderle\"},\"url\":\"https:\\\/\\\/the-loge.com\\\/it\\\/news\\\/author\\\/g-enderle\\\/\"}]}<\/script>\n<!-- \/ Yoast SEO plugin. -->","yoast_head_json":{"title":"Sky Golf Cup 2026 a Zell am See","description":"I membri di THE LOGE hanno accesso allo Sky Golf Cup 2026 a Zell am See \u2013 con presenza SKY, Golf Week e un'atmosfera evento speciale.","robots":{"index":"index","follow":"follow","max-snippet":"max-snippet:-1","max-image-preview":"max-image-preview:large","max-video-preview":"max-video-preview:-1"},"canonical":"https:\/\/the-loge.com\/it\/?p=13668","og_locale":"it_IT","og_type":"article","og_title":"Sky Golf Cup 2026 a Zell am See","og_description":"I membri di THE LOGE hanno accesso allo Sky Golf Cup 2026 a Zell am See \u2013 con presenza SKY, Golf Week e un'atmosfera evento speciale.","og_url":"https:\/\/the-loge.com\/it\/?p=13668","og_site_name":"The Loge","article_published_time":"2026-02-22T15:10:21+00:00","article_modified_time":"2026-04-22T14:12:09+00:00","og_image":[{"width":2160,"height":1080,"url":"https:\/\/the-loge.com\/wp-content\/uploads\/2026\/04\/sky-golf-cup-zellamsee-.webp","type":"image\/webp"}],"author":"Gerald Enderle","twitter_card":"summary_large_image","twitter_misc":{"Written by":"Gerald Enderle","Est. reading time":"4 minutes"},"schema":{"@context":"https:\/\/schema.org","@graph":[{"@type":"Article","@id":"https:\/\/the-loge.com\/it\/?p=13668#article","isPartOf":{"@id":"https:\/\/the-loge.com\/it\/?p=13668"},"author":{"name":"Gerald Enderle","@id":"https:\/\/the-loge.com\/#\/schema\/person\/63dc0eab20f10e230a1febb39cab169a"},"headline":"Sky Golf Cup 2026 a Zell am See","datePublished":"2026-02-22T15:10:21+00:00","dateModified":"2026-04-22T14:12:09+00:00","mainEntityOfPage":{"@id":"https:\/\/the-loge.com\/it\/?p=13668"},"wordCount":766,"commentCount":0,"publisher":{"@id":"https:\/\/the-loge.com\/#organization"},"image":{"@id":"https:\/\/the-loge.com\/it\/?p=13668#primaryimage"},"thumbnailUrl":"https:\/\/the-loge.com\/wp-content\/uploads\/2026\/04\/sky-golf-cup-zellamsee-.webp","keywords":["Evento Golf Austria","Golf Week","Membri THE LOGE","SKY Golf","Sky Golf Cup 2026","Sky Golf Cup Zell am See","Torneo di Golf Zell am See"],"articleSection":["Tornei di golf"],"inLanguage":"it-IT","potentialAction":[{"@type":"CommentAction","name":"Comment","target":["https:\/\/the-loge.com\/it\/?p=13668#respond"]}]},{"@type":"WebPage","@id":"https:\/\/the-loge.com\/it\/?p=13668","url":"https:\/\/the-loge.com\/it\/?p=13668","name":"Sky Golf Cup 2026 a Zell am See","isPartOf":{"@id":"https:\/\/the-loge.com\/#website"},"primaryImageOfPage":{"@id":"https:\/\/the-loge.com\/it\/?p=13668#primaryimage"},"image":{"@id":"https:\/\/the-loge.com\/it\/?p=13668#primaryimage"},"thumbnailUrl":"https:\/\/the-loge.com\/wp-content\/uploads\/2026\/04\/sky-golf-cup-zellamsee-.webp","datePublished":"2026-02-22T15:10:21+00:00","dateModified":"2026-04-22T14:12:09+00:00","description":"I membri di THE LOGE hanno accesso allo Sky Golf Cup 2026 a Zell am See \u2013 con presenza SKY, Golf Week e un'atmosfera evento speciale.","breadcrumb":{"@id":"https:\/\/the-loge.com\/it\/?p=13668#breadcrumb"},"inLanguage":"it-IT","potentialAction":[{"@type":"ReadAction","target":["https:\/\/the-loge.com\/it\/?p=13668"]}]},{"@type":"ImageObject","inLanguage":"it-IT","@id":"https:\/\/the-loge.com\/it\/?p=13668#primaryimage","url":"https:\/\/the-loge.com\/wp-content\/uploads\/2026\/04\/sky-golf-cup-zellamsee-.webp","contentUrl":"https:\/\/the-loge.com\/wp-content\/uploads\/2026\/04\/sky-golf-cup-zellamsee-.webp","width":2160,"height":1080,"caption":"THE LOGE Einladung zum Sky Golf Cup in Zell am See"},{"@type":"BreadcrumbList","@id":"https:\/\/the-loge.com\/it\/?p=13668#breadcrumb","itemListElement":[{"@type":"ListItem","position":1,"name":"Home","item":"https:\/\/the-loge.com\/"},{"@type":"ListItem","position":2,"name":"Sky Golf Cup 2026 a Zell am See"}]},{"@type":"WebSite","@id":"https:\/\/the-loge.com\/#website","url":"https:\/\/the-loge.com\/","name":"The Loge","description":"exclusive business &amp; lifestyle network","publisher":{"@id":"https:\/\/the-loge.com\/#organization"},"potentialAction":[{"@type":"SearchAction","target":{"@type":"EntryPoint","urlTemplate":"https:\/\/the-loge.com\/?s={search_term_string}"},"query-input":{"@type":"PropertyValueSpecification","valueRequired":true,"valueName":"search_term_string"}}],"inLanguage":"it-IT"},{"@type":"Organization","@id":"https:\/\/the-loge.com\/#organization","name":"The Loge","url":"https:\/\/the-loge.com\/","logo":{"@type":"ImageObject","inLanguage":"it-IT","@id":"https:\/\/the-loge.com\/#\/schema\/logo\/image\/","url":"https:\/\/the-loge.com\/wp-content\/uploads\/2025\/08\/nav_logo.svg","contentUrl":"https:\/\/the-loge.com\/wp-content\/uploads\/2025\/08\/nav_logo.svg","width":110,"height":22,"caption":"The Loge"},"image":{"@id":"https:\/\/the-loge.com\/#\/schema\/logo\/image\/"}},{"@type":"Person","@id":"https:\/\/the-loge.com\/#\/schema\/person\/63dc0eab20f10e230a1febb39cab169a","name":"Gerald Enderle","image":{"@type":"ImageObject","inLanguage":"it-IT","@id":"https:\/\/secure.gravatar.com\/avatar\/eee2753aa17012a5b36964169eca92a52b065cb7268a30399033fe36458e7ee9?s=96&d=mm&r=g","url":"https:\/\/secure.gravatar.com\/avatar\/eee2753aa17012a5b36964169eca92a52b065cb7268a30399033fe36458e7ee9?s=96&d=mm&r=g","contentUrl":"https:\/\/secure.gravatar.com\/avatar\/eee2753aa17012a5b36964169eca92a52b065cb7268a30399033fe36458e7ee9?s=96&d=mm&r=g","caption":"Gerald Enderle"},"url":"https:\/\/the-loge.com\/it\/news\/author\/g-enderle\/"}]}},"_links":{"self":[{"href":"https:\/\/the-loge.com\/it\/wp-json\/wp\/v2\/posts\/13668","targetHints":{"allow":["GET"]}}],"collection":[{"href":"https:\/\/the-loge.com\/it\/wp-json\/wp\/v2\/posts"}],"about":[{"href":"https:\/\/the-loge.com\/it\/wp-json\/wp\/v2\/types\/post"}],"author":[{"embeddable":true,"href":"https:\/\/the-loge.com\/it\/wp-json\/wp\/v2\/users\/7"}],"replies":[{"embeddable":true,"href":"https:\/\/the-loge.com\/it\/wp-json\/wp\/v2\/comments?post=13668"}],"version-history":[{"count":1,"href":"https:\/\/the-loge.com\/it\/wp-json\/wp\/v2\/posts\/13668\/revisions"}],"predecessor-version":[{"id":13669,"href":"https:\/\/the-loge.com\/it\/wp-json\/wp\/v2\/posts\/13668\/revisions\/13669"}],"wp:featuredmedia":[{"embeddable":true,"href":"https:\/\/the-loge.com\/it\/wp-json\/wp\/v2\/media\/13620"}],"wp:attachment":[{"href":"https:\/\/the-loge.com\/it\/wp-json\/wp\/v2\/media?parent=13668"}],"wp:term":[{"taxonomy":"category","embeddable":true,"href":"https:\/\/the-loge.com\/it\/wp-json\/wp\/v2\/categories?post=13668"},{"taxonomy":"post_tag","embeddable":true,"href":"https:\/\/the-loge.com\/it\/wp-json\/wp\/v2\/tags?post=13668"}],"curies":[{"name":"wp","href":"https:\/\/api.w.org\/{rel}","templated":true}]}}